{"id":2895,"date":"2025-11-25T11:46:02","date_gmt":"2025-11-25T10:46:02","guid":{"rendered":"https:\/\/internationalschoolofmadrid.com\/?p=2895"},"modified":"2025-11-25T13:11:01","modified_gmt":"2025-11-25T12:11:01","slug":"como-afrontar-el-primer-dia-de-guarderia","status":"publish","type":"post","link":"https:\/\/internationalschoolofmadrid.com\/es\/blog\/como-afrontar-el-primer-dia-de-guarderia\/","title":{"rendered":"Consejos para afrontar el primer d\u00eda de guarder\u00eda"},"content":{"rendered":"\n<p>El primer d\u00eda de escuela infantil despierta muchas emociones. Tu hijo empieza una nueva etapa y t\u00fa, como madre o padre, quieres hacerlo lo mejor posible. Saber <strong>c\u00f3mo afrontar el primer d\u00eda de guarder\u00eda<\/strong> te ayudar\u00e1 a vivirlo con calma, sin sobresaltos, y a transmitirle seguridad a tu peque\u00f1o. Desde nuestro <a href=\"https:\/\/internationalschoolofmadrid.com\/es\/\"><strong>colegio brit\u00e1nico en Madrid<\/strong><\/a> (International School of Madrid), te ofrecemos las claves m\u00e1s efectivas para que t\u00fa y tu hijo viv\u00e1is esta transici\u00f3n con serenidad y confianza. \u00a1Toma nota!<\/p>\n\n\n\n<h2 class=\"wp-block-heading\">Importancia de saber c\u00f3mo afrontar el primer d\u00eda de guarder\u00eda<\/h2>\n\n\n\n<p>El primer d\u00eda en la guarder\u00eda es mucho m\u00e1s que una simple fecha en el calendario. <strong>Sienta las bases de la percepci\u00f3n futura<\/strong> que tu peque\u00f1o tendr\u00e1 sobre este nuevo entorno. Un comienzo positivo influye en su capacidad de adaptaci\u00f3n y en c\u00f3mo se relacionar\u00e1 con compa\u00f1eros y educadores. Para vosotros, los padres, este d\u00eda tambi\u00e9n supone una intensa carga emocional. Es habitual sentir cierta culpa al dejar a vuestro hijo al cuidado de otros, tristeza por la separaci\u00f3n o inquietud acerca de su bienestar en un lugar desconocido.<strong>Reconocer y aceptar estas emociones<\/strong> es un paso importante para manejar esta transici\u00f3n. Vuestra propia disposici\u00f3n emocional tiene un gran peso, ya que los ni\u00f1os perciben con claridad las se\u00f1ales que emit\u00eds. Si te muestras con ansiedad o inseguridad, es probable que tu hijo refleje esas mismas sensaciones hacia la guarder\u00eda.<\/p>\n\n\n\n<p>Por el contrario, una actitud serena y confiada por vuestra parte transmite seguridad al ni\u00f1o, lo que ayuda mucho en su adaptaci\u00f3n. Este cambio tambi\u00e9n afecta a la rutina y din\u00e1mica familiar, con nuevos horarios y la gesti\u00f3n de la separaci\u00f3n emocional. Comprender este impacto dual os ayudar\u00e1 a abordar el d\u00eda con mayor preparaci\u00f3n.<\/p>\n\n\n\n<h2 class=\"wp-block-heading\">C\u00f3mo afrontar el primer d\u00eda de guarder\u00eda: preparaci\u00f3n emocional<\/h2>\n\n\n\n<p>Una buena preparaci\u00f3n es esencial para que el primer d\u00eda de guarder\u00eda sea una experiencia lo m\u00e1s tranquila y positiva posible para tu peque. Anticiparse a la situaci\u00f3n y trabajar las emociones de forma conjunta allana el camino.<\/p>\n\n\n\n<h3 class=\"wp-block-heading\">Hablar de la guarder\u00eda con entusiasmo y honestidad<\/h3>\n\n\n\n<p>Empieza a <strong>conversar sobre la guarder\u00eda d\u00edas o semanas antes<\/strong>. Utiliza un lenguaje positivo y alegre al referirte a ella, destacando las actividades divertidas y la oportunidad de hacer nuevos amigos. Expl\u00edcale con palabras sencillas, adecuadas a su edad, qu\u00e9 pasar\u00e1 all\u00ed, centr\u00e1ndote en aspectos emocionantes como jugar, pintar o escuchar cuentos.<\/p>\n\n\n\n<p>Es vital <strong>responder a todas sus preguntas con sinceridad<\/strong> y abordar cualquier inquietud que exprese. Aseg\u00farale siempre que volver\u00e1s a recogerle al final del d\u00eda. Esta promesa constante fortalece su confianza. Tambi\u00e9n menciona actividades espec\u00edficas y la posibilidad de socializar, lo que hace la experiencia m\u00e1s atractiva.<\/p>\n\n\n\n<h3 class=\"wp-block-heading\">Visitar el centro para familiarizar al ni\u00f1o con el entorno<\/h3>\n\n\n\n<p>Organiza una <strong>visita a la guarder\u00eda con tu hijo antes del primer d\u00eda<\/strong>. Recorred juntos las instalaciones: el aula, el patio, los ba\u00f1os. Esto le ayudar\u00e1 a familiarizarse con el espacio f\u00edsico. Si es posible, conoced a los educadores y a otros ni\u00f1os. Observad c\u00f3mo interact\u00faan y participan en las actividades. Incluso tomar fotos y crear un peque\u00f1o \u00e1lbum para ver en casa ayuda.<\/p>\n\n\n\n<p>Familiarizarle con el entorno f\u00edsico y las personas de antemano <strong>reduce la ansiedad<\/strong> <strong>del primer d\u00eda<\/strong>, al disminuir la sensaci\u00f3n de desconocimiento. Un lugar y unas caras nuevas generan inquietud en los peque\u00f1os. La visita previa le permite explorar a su ritmo, conocer a los profes en un ambiente relajado y ver que es un lugar seguro y divertido. Esta exposici\u00f3n directa fomenta la comodidad.<\/p>\n\n\n\n<h3 class=\"wp-block-heading\">Juegos de roles y cuentos para simular la experiencia<\/h3>\n\n\n\n<p>El juego es una herramienta ideal para preparar a tu hijo. <strong>Participa en juegos de simulaci\u00f3n<\/strong> para recrear situaciones que vivir\u00e1 en la guarder\u00eda, como decir adi\u00f3s por la ma\u00f1ana o el reencuentro al final del d\u00eda.<\/p>\n\n\n\n<p>Lee <strong>cuentos relacionados con ir a la guarder\u00eda<\/strong> o al colegio. Esto le ayuda a comprender qu\u00e9 esperar de una manera l\u00fadica y cercana. Los libros proporcionan un marco narrativo que facilita la comprensi\u00f3n de la secuencia de eventos y los sentimientos asociados. El juego de roles y la lectura ofrecen un contexto seguro para que procese la nueva experiencia.<\/p>\n\n\n\n<h2 class=\"wp-block-heading\">Preparaci\u00f3n pr\u00e1ctica para el primer d\u00eda de guarder\u00eda<\/h2>\n\n\n\n<p>Adem\u00e1s de la preparaci\u00f3n emocional, los aspectos pr\u00e1cticos son igualmente importantes para asegurar un inicio de jornada fluido y sin contratiempos. Organizar bien la log\u00edstica evita estr\u00e9s a\u00f1adido.<\/p>\n\n\n\n<h3 class=\"wp-block-heading\">Qu\u00e9 llevar el primer d\u00eda de guarder\u00eda seg\u00fan la edad<\/h3>\n\n\n\n<p>La mochila de tu hijo debe contener todo lo necesario para cubrir sus necesidades durante la jornada. Los elementos var\u00edan ligeramente seg\u00fan la edad:<\/p>\n\n\n\n<h4 class=\"wp-block-heading\">Para beb\u00e9s (0-12 meses):<\/h4>\n\n\n\n<ul class=\"wp-block-list\">\n<li>2-3 mudas completas de ropa adecuada a la temporada.<\/li>\n\n\n\n<li>Pa\u00f1ales suficientes (aproximadamente uno por cada 2-3 horas m\u00e1s dos extra).<\/li>\n\n\n\n<li>Toallitas h\u00famedas y crema para irritaciones.<\/li>\n\n\n\n<li>Biberones etiquetados con el nombre.<\/li>\n\n\n\n<li>Leche materna o f\u00f3rmula en cantidad suficiente.<\/li>\n\n\n\n<li>Chupete (si lo usa) con portachupetes.<\/li>\n\n\n\n<li>Objeto de apego (mantita o peluche familiar).<\/li>\n\n\n\n<li>S\u00e1bana para la cuna (seg\u00fan indicaciones del centro).<\/li>\n<\/ul>\n\n\n\n<h4 class=\"wp-block-heading\">Para ni\u00f1os peque\u00f1os (1-2 a\u00f1os):<\/h4>\n\n\n\n<ul class=\"wp-block-list\">\n<li>2-3 cambios de ropa c\u00f3moda y f\u00e1cil de poner\/quitar.<\/li>\n\n\n\n<li>Pa\u00f1ales o ropa interior de entrenamiento seg\u00fan corresponda.<\/li>\n\n\n\n<li>Calzado c\u00f3modo y seguro para jugar.<\/li>\n\n\n\n<li>Vaso con boquilla etiquetado.<\/li>\n\n\n\n<li>Baberos para las comidas.<\/li>\n\n\n\n<li>Objeto de apego.<\/li>\n\n\n\n<li>Art\u00edculos para la siesta seg\u00fan las indicaciones del centro.<\/li>\n<\/ul>\n\n\n\n<h4 class=\"wp-block-heading\">Para ni\u00f1os preescolares (3+ a\u00f1os):<\/h4>\n\n\n\n<ul class=\"wp-block-list\">\n<li>1-2 cambios de ropa completos.<\/li>\n\n\n\n<li>Ropa interior y calcetines extra.<\/li>\n\n\n\n<li>Calzado adecuado para actividades al aire libre.<\/li>\n\n\n\n<li>Botella de agua reutilizable etiquetada.<\/li>\n\n\n\n<li>Almuerzo y merienda (si el centro lo requiere).<\/li>\n\n\n\n<li>Elementos para la siesta o tiempo tranquilo, si corresponde.<\/li>\n<\/ul>\n\n\n\n<p><strong>Etiqueta todos los art\u00edculos con el nombre de tu hijo<\/strong>, incluyendo ropa, zapatos, botellas y cualquier otro elemento. Esta precauci\u00f3n evitar\u00e1 p\u00e9rdidas y confusiones, especialmente en grupos grandes.<\/p>\n\n\n\n<p>Verifica con anticipaci\u00f3n si el centro tiene requisitos espec\u00edficos sobre lo que se debe o no llevar. Algunos centros mantienen pol\u00edticas particulares en relaci\u00f3n con los alimentos, juguetes de casa u otros art\u00edculos.<\/p>\n\n\n\n<h3 class=\"wp-block-heading\">Establece una rutina matinal tranquila y organizada<\/h3>\n\n\n\n<p>Una ma\u00f1ana sin prisas marca una gran diferencia. <strong>Prepara todo lo posible la noche anterior<\/strong>: la ropa, la mochila, el almuerzo (si es necesario). Tener una lista de verificaci\u00f3n ayuda a no olvidar nada. Esto minimiza el estr\u00e9s matutino y crea un ambiente m\u00e1s calmado. <\/p>\n\n\n\n<p>Despierta a tu hijo con suavidad y tiempo suficiente para arreglarse sin agobios. Comienza el d\u00eda con \u00e1nimo y palabras positivas. <strong>Invol\u00facralo en la preparaci\u00f3n<\/strong>: deja que participe eligiendo su ropa (entre opciones que t\u00fa le des) o metiendo algo en su mochila. Esto le da una sensaci\u00f3n de control e independencia, haci\u00e9ndole sentir m\u00e1s part\u00edcipe.<\/p>\n\n\n\n<h2 class=\"wp-block-heading\">C\u00f3mo manejar la ansiedad de los padres ante la guarder\u00eda<\/h2>\n\n\n\n<p>La adaptaci\u00f3n no es solo para el ni\u00f1o. Los padres tambi\u00e9n atraves\u00e1is vuestro propio proceso. Gestionar vuestras emociones es clave para poder apoyar mejor a vuestro hijo.<\/p>\n\n\n\n<h3 class=\"wp-block-heading\">Validar y gestionar las emociones propias<\/h3>\n\n\n\n<p>Es completamente normal sentir ansiedad, tristeza o incluso culpa al dejar a tu hijo en la guarder\u00eda. <strong>Comprender que estos sentimientos son comunes y temporales<\/strong> alivia parte de la preocupaci\u00f3n. Hablar de c\u00f3mo te sientes con tu pareja, amigos u otros padres que han pasado por lo mismo es de gran ayuda.<\/p>\n\n\n\n<p>Reconocer y aceptar tu propia ansiedad es el primer paso para gestionarla. Al validarlos como normales, puedes empezar a procesarlos de forma saludable.<\/p>\n\n\n\n<h3 class=\"wp-block-heading\">Construir confianza en el personal educativo<\/h3>\n\n\n\n<p>Conf\u00eda en que los educadores de la guarder\u00eda son <strong>profesionales capacitados y con experiencia<\/strong> en el cuidado de ni\u00f1os peque\u00f1os. Ellos gestionan las adaptaciones del primer d\u00eda con regularidad y tienen estrategias para ayudar.<\/p>\n\n\n\n<p><strong>Construye una relaci\u00f3n positiva y abierta<\/strong> con los educadores desde el principio. Comun\u00edcate abiertamente de las necesidades, rutinas y personalidad de tu hijo. Pregunta c\u00f3mo te mantendr\u00e1n informado sobre su d\u00eda. Esta confianza en el personal alivia tu ansiedad, al saber que tu hijo est\u00e1 en buenas manos.<\/p>\n\n\n\n<h3 class=\"wp-block-heading\">Buscar apoyo en otros padres y comunidades<\/h3>\n\n\n\n<p><strong>Conecta con otros padres<\/strong> para obtener apoyo y compartir experiencias. Hablar de preocupaciones y consejos con personas que entienden perfectamente la situaci\u00f3n proporciona orientaci\u00f3n pr\u00e1ctica.<\/p>\n\n\n\n<p>Saber que otros padres han sentido ansiedades similares es reconfortante. Compartir vivencias y estrategias de afrontamiento crea una red de apoyo valiosa.<\/p>\n\n\n\n<h2 class=\"wp-block-heading\">C\u00f3mo afrontar las primeras horas en la guarder\u00eda<\/h2>\n\n\n\n<p>El momento de la despedida es delicado. Unas estrategias adecuadas facilitan este instante tanto para ti como para tu hijo.<\/p>\n\n\n\n<h3 class=\"wp-block-heading\">El ritual de despedida: breve, afectivo y consistente<\/h3>\n\n\n\n<p>Desarrolla una <strong>rutina especial y corta de despedida<\/strong>. Puede ser un abrazo fuerte, un beso, un choque de manos particular o una frase tranquilizadora que siempre repitas. La consistencia de este ritual ayuda a tu hijo a anticipar y comprender la separaci\u00f3n.<\/p>\n\n\n\n<p>Un ritual de despedida constante y cari\u00f1oso aporta consuelo y previsibilidad, haciendo que el ni\u00f1o se sienta m\u00e1s seguro. Los rituales dan sensaci\u00f3n de familiaridad, especialmente en momentos de cambio. Una rutina predecible le indica que es hora de decir adi\u00f3s de una forma amorosa.<\/p>\n\n\n\n<h3 class=\"wp-block-heading\">Por qu\u00e9 evitar despedidas prolongadas o escaparse<\/h3>\n\n\n\n<p>Las <strong>despedidas deben ser breves y claras<\/strong>. Alargar el momento aumenta la ansiedad del ni\u00f1o, ya que interpreta que la separaci\u00f3n es algo preocupante.<\/p>\n\n\n\n<p><strong>Nunca te vayas sin despedirte<\/strong> (escaparte). Aunque parezca m\u00e1s f\u00e1cil en el instante, genera angustia y erosiona la confianza cuando el ni\u00f1o se da cuenta de tu ausencia. Siempre dile adi\u00f3s y aseg\u00farale cu\u00e1ndo volver\u00e1s. Una despedida clara y concisa, junto con la promesa de regresar, ayuda a tu hijo a entender la situaci\u00f3n y sentirse m\u00e1s seguro.<\/p>\n\n\n\n<h3 class=\"wp-block-heading\">C\u00f3mo transmitir calma y seguridad al ni\u00f1o<\/h3>\n\n\n\n<p>Los ni\u00f1os captan inmediatamente tus emociones. Durante la despedida, tu ansiedad o inquietud se reflejar\u00e1 en c\u00f3mo tu peque\u00f1o percibe la guarder\u00eda. Por eso, <strong>adopta una actitud serena y confiada<\/strong>, m\u00e1s all\u00e1 de lo que sientas internamente. Tu lenguaje corporal, tono de voz y expresi\u00f3n facial comunican m\u00e1s que cualquier palabra. Al mostrarte tranquilo, transmites un mensaje claro: <em>\u00abEste lugar es seguro y todo estar\u00e1 bien\u00bb<\/em>.<\/p>\n\n\n\n<p>Esta seguridad emocional que proyectas se convierte en el mejor regalo para tu hijo: le ofreces un modelo de c\u00f3mo afrontar nuevas situaciones con confianza, sentando las bases para su adaptaci\u00f3n exitosa.<\/p>\n\n\n\n<h2 class=\"wp-block-heading\">Qu\u00e9 esperar el primer d\u00eda de guarder\u00eda<\/h2>\n\n\n\n<p>Tener expectativas realistas sobre c\u00f3mo transcurrir\u00e1 el primer d\u00eda ayuda tanto a padres como a ni\u00f1os a prepararse adecuadamente. Conocer las posibles reacciones y situaciones t\u00edpicas permite afrontarlas con mayor serenidad.<\/p>\n\n\n\n<h3 class=\"wp-block-heading\">Reacciones emocionales comunes y c\u00f3mo responder<\/h3>\n\n\n\n<p>El primer d\u00eda provoca reacciones diversas: algunos ni\u00f1os muestran entusiasmo mientras otros expresan miedo o tristeza. El llanto durante las despedidas indica adaptaci\u00f3n a la separaci\u00f3n.<\/p>\n\n\n\n<p><strong>Valida estos sentimientos sin minimizarlos<\/strong>: <em>\u00abEntiendo que est\u00e9s asustado, es normal en lugares nuevos\u00bb<\/em>. Aseg\u00farale con firmeza que volver\u00e1s, cumpliendo siempre esta promesa para construir su confianza.<\/p>\n\n\n\n<p>Asimismo, conf\u00eda en los educadores experimentados para manejar estas emociones iniciales. Aunque te resulte dif\u00edcil, recuerda que la mayor\u00eda de ni\u00f1os se tranquilizan r\u00e1pidamente tras tu partida, integr\u00e1ndose en las actividades una vez los profesionales captan su atenci\u00f3n.<\/p>\n\n\n\n<h3 class=\"wp-block-heading\">Actividades t\u00edpicas por edad<\/h3>\n\n\n\n<p>Las rutinas var\u00edan seg\u00fan la edad:<\/p>\n\n\n\n<ul class=\"wp-block-list\">\n<li><strong>Beb\u00e9s:<\/strong> tiempo boca abajo, alimentaci\u00f3n, cambios de pa\u00f1al, canciones, cuentos, siestas, actividades sensoriales y juego individual.<\/li>\n\n\n\n<li><strong>Ni\u00f1os peque\u00f1os (1-3 a\u00f1os):<\/strong> juego libre, asamblea (c\u00edrculo), tentempi\u00e9s, juego al aire libre, almuerzo, actividades sensoriales o art\u00edsticas, cuentos, siestas y juegos en grupo.<\/li>\n\n\n\n<li><strong>Preescolares (3-5 a\u00f1os):<\/strong> asamblea, rincones de actividades, tentempi\u00e9s, juego exterior, trabajo por proyectos (lectoescritura, l\u00f3gica-matem\u00e1tica), almuerzo, arte, cuentos, siesta o tiempo tranquilo y juegos grupales.<\/li>\n<\/ul>\n\n\n\n<h3 class=\"wp-block-heading\">La importancia de la comunicaci\u00f3n abierta con el personal<\/h3>\n\n\n\n<p>Establece desde el inicio un <strong>di\u00e1logo fluido con los educadores<\/strong>, compartiendo en la entrega detalles relevantes sobre tu hijo (c\u00f3mo ha dormido, necesidades especiales) y preguntando acerca de su d\u00eda al recogerlo.<\/p>\n\n\n\n<p>Inf\u00f3rmate de los canales de comunicaci\u00f3n que utiliza el centro (apps, informes) para mantenerte conectado. Esta colaboraci\u00f3n continua crea un entorno coherente entre casa y guarder\u00eda, lo que facilita la adaptaci\u00f3n del peque\u00f1o y permite abordar cualquier situaci\u00f3n que surja.<\/p>\n\n\n\n<p>Esperamos que esta gu\u00eda te sea de gran utilidad. Afrontar este momento con informaci\u00f3n y preparaci\u00f3n marca una diferencia positiva. Recordad que la paciencia y la comunicaci\u00f3n son vuestros mejores aliados. Saber <strong>c\u00f3mo afrontar el primer d\u00eda de guarder\u00eda<\/strong> es un proceso que constru\u00eds juntos, paso a paso, hacia una etapa llena de crecimiento y descubrimientos para vuestro hijo. \u00a1Mucho \u00e1nimo en esta nueva etapa!<\/p>\n\n\n\n<p><strong>Referencias<\/strong>:<\/p>\n\n\n\n<ul class=\"wp-block-list\">\n<li><em>Bilich, K. A. (2023, agosto 10). First Day of Preschool Tips: Overcoming Separation Anxiety and More. Parents. https:\/\/ parents.com\/toddlers-preschoolers\/starting-preschool\/separation-anxiety\/overcoming-separation-anxiety\/<\/em><\/li>\n\n\n\n<li><em>Calix, T. (s.f.). Navigating the Transition: 7 Ways Parents Can Cope with Sending Their Child to Daycare for the First Time. Hyde Park Play School. https:\/\/ hydeparkplayschool.com\/navigating-the-transition-7-ways-parents-can-cope-with-sending-their-child-to-daycare-for-the-first-time\/#<\/em><\/li>\n\n\n\n<li><em>Cedeno, A. (2024, agosto 14). Consejos para un primer d\u00eda de guarder\u00eda feliz. Growing Seeds Learning Academy. https:\/\/ gsl.academy\/es\/consejos-para-un-primer-dia-de-guarderia-feliz\/<\/em><\/li>\n\n\n\n<li><em>Oshkosh Community YMCA. (2024, agosto 19). Starting Daycare: Tips for First-Time Parents. https:\/\/ oshkoshymca.org\/blog\/starting-daycare-tips-first-time-parents<\/em><\/li>\n\n\n\n<li><em>Purdy, J. (2022, abril 15). How To Prepare Parents For The First Day. Jackrabbit Care. https:\/\/ jackrabbitcare.com\/blog\/how-to-prepare-parents-for-the-first-day\/<\/em><\/li>\n<\/ul>\n\n\n\n<p><\/p>\n","protected":false},"excerpt":{"rendered":"<p>El primer d\u00eda de escuela infantil despierta muchas emociones. Tu hijo empieza una nueva etapa y t\u00fa, como madre o padre, quieres hacerlo lo mejor posible. Saber c\u00f3mo afrontar el primer d\u00eda de guarder\u00eda te ayudar\u00e1 a vivirlo con calma, sin sobresaltos, y a transmitirle seguridad a tu peque\u00f1o. Desde nuestro colegio brit\u00e1nico en Madrid [&hellip;]<\/p>\n","protected":false},"author":4,"featured_media":2898,"comment_status":"open","ping_status":"open","sticky":false,"template":"","format":"standard","meta":{"footnotes":""},"categories":[1],"tags":[],"class_list":["post-2895","post","type-post","status-publish","format-standard","has-post-thumbnail","hentry","category-sin-categorizar"],"yoast_head":"<!-- This site is optimized with the Yoast SEO plugin v24.0 - https:\/\/yoast.com\/wordpress\/plugins\/seo\/ -->\n<title>C\u00f3mo afrontar el primer d\u00eda de guarder\u00eda | International School of Madrid<\/title>\n<meta name=\"description\" content=\"Para afrontar el primer d\u00eda de guarder\u00eda, prepara a tu hijo emocionalmente, crea rutinas estables y realiza despedidas breves, pero afectuosas.\" \/>\n<meta name=\"robots\" content=\"index, follow, max-snippet:-1, max-image-preview:large, max-video-preview:-1\" \/>\n<link rel=\"canonical\" href=\"https:\/\/internationalschoolofmadrid.com\/es\/blog\/como-afrontar-el-primer-dia-de-guarderia\/\" \/>\n<meta property=\"og:locale\" content=\"es_ES\" \/>\n<meta property=\"og:type\" content=\"article\" \/>\n<meta property=\"og:title\" content=\"C\u00f3mo afrontar el primer d\u00eda de guarder\u00eda | International School of Madrid\" \/>\n<meta property=\"og:description\" content=\"Para afrontar el primer d\u00eda de guarder\u00eda, prepara a tu hijo emocionalmente, crea rutinas estables y realiza despedidas breves, pero afectuosas.\" \/>\n<meta property=\"og:url\" content=\"https:\/\/internationalschoolofmadrid.com\/es\/blog\/como-afrontar-el-primer-dia-de-guarderia\/\" \/>\n<meta property=\"og:site_name\" content=\"International School of Madrid\" \/>\n<meta property=\"article:published_time\" content=\"2025-11-25T10:46:02+00:00\" \/>\n<meta property=\"article:modified_time\" content=\"2025-11-25T12:11:01+00:00\" \/>\n<meta property=\"og:image\" content=\"https:\/\/internationalschoolofmadrid.com\/wp-content\/uploads\/2025\/11\/Consejos-para-afrontar-el-primer-dia-de-guarderia.webp\" \/>\n\t<meta property=\"og:image:width\" content=\"1000\" \/>\n\t<meta property=\"og:image:height\" content=\"667\" \/>\n\t<meta property=\"og:image:type\" content=\"image\/webp\" \/>\n<meta name=\"author\" content=\"Prismalia Redacciones\" \/>\n<meta name=\"twitter:card\" content=\"summary_large_image\" \/>\n<meta name=\"twitter:label1\" content=\"Escrito por\" \/>\n\t<meta name=\"twitter:data1\" content=\"Prismalia Redacciones\" \/>\n\t<meta name=\"twitter:label2\" content=\"Tiempo de lectura\" \/>\n\t<meta name=\"twitter:data2\" content=\"10 minutos\" \/>\n<script type=\"application\/ld+json\" class=\"yoast-schema-graph\">{\"@context\":\"https:\/\/schema.org\",\"@graph\":[{\"@type\":\"Article\",\"@id\":\"https:\/\/internationalschoolofmadrid.com\/es\/blog\/como-afrontar-el-primer-dia-de-guarderia\/#article\",\"isPartOf\":{\"@id\":\"https:\/\/internationalschoolofmadrid.com\/es\/blog\/como-afrontar-el-primer-dia-de-guarderia\/\"},\"author\":{\"name\":\"Prismalia Redacciones\",\"@id\":\"https:\/\/internationalschoolofmadrid.com\/es\/#\/schema\/person\/b20904cbc31ca65c1a8027e914d8a032\"},\"headline\":\"Consejos para afrontar el primer d\u00eda de guarder\u00eda\",\"datePublished\":\"2025-11-25T10:46:02+00:00\",\"dateModified\":\"2025-11-25T12:11:01+00:00\",\"mainEntityOfPage\":{\"@id\":\"https:\/\/internationalschoolofmadrid.com\/es\/blog\/como-afrontar-el-primer-dia-de-guarderia\/\"},\"wordCount\":2369,\"commentCount\":0,\"publisher\":{\"@id\":\"https:\/\/internationalschoolofmadrid.com\/es\/#organization\"},\"image\":{\"@id\":\"https:\/\/internationalschoolofmadrid.com\/es\/blog\/como-afrontar-el-primer-dia-de-guarderia\/#primaryimage\"},\"thumbnailUrl\":\"https:\/\/internationalschoolofmadrid.com\/wp-content\/uploads\/2025\/11\/Consejos-para-afrontar-el-primer-dia-de-guarderia.webp\",\"articleSection\":[\"Sin categorizar\"],\"inLanguage\":\"es\",\"potentialAction\":[{\"@type\":\"CommentAction\",\"name\":\"Comment\",\"target\":[\"https:\/\/internationalschoolofmadrid.com\/es\/blog\/como-afrontar-el-primer-dia-de-guarderia\/#respond\"]}]},{\"@type\":\"WebPage\",\"@id\":\"https:\/\/internationalschoolofmadrid.com\/es\/blog\/como-afrontar-el-primer-dia-de-guarderia\/\",\"url\":\"https:\/\/internationalschoolofmadrid.com\/es\/blog\/como-afrontar-el-primer-dia-de-guarderia\/\",\"name\":\"C\u00f3mo afrontar el primer d\u00eda de guarder\u00eda | International School of Madrid\",\"isPartOf\":{\"@id\":\"https:\/\/internationalschoolofmadrid.com\/es\/#website\"},\"primaryImageOfPage\":{\"@id\":\"https:\/\/internationalschoolofmadrid.com\/es\/blog\/como-afrontar-el-primer-dia-de-guarderia\/#primaryimage\"},\"image\":{\"@id\":\"https:\/\/internationalschoolofmadrid.com\/es\/blog\/como-afrontar-el-primer-dia-de-guarderia\/#primaryimage\"},\"thumbnailUrl\":\"https:\/\/internationalschoolofmadrid.com\/wp-content\/uploads\/2025\/11\/Consejos-para-afrontar-el-primer-dia-de-guarderia.webp\",\"datePublished\":\"2025-11-25T10:46:02+00:00\",\"dateModified\":\"2025-11-25T12:11:01+00:00\",\"description\":\"Para afrontar el primer d\u00eda de guarder\u00eda, prepara a tu hijo emocionalmente, crea rutinas estables y realiza despedidas breves, pero afectuosas.\",\"breadcrumb\":{\"@id\":\"https:\/\/internationalschoolofmadrid.com\/es\/blog\/como-afrontar-el-primer-dia-de-guarderia\/#breadcrumb\"},\"inLanguage\":\"es\",\"potentialAction\":[{\"@type\":\"ReadAction\",\"target\":[\"https:\/\/internationalschoolofmadrid.com\/es\/blog\/como-afrontar-el-primer-dia-de-guarderia\/\"]}]},{\"@type\":\"ImageObject\",\"inLanguage\":\"es\",\"@id\":\"https:\/\/internationalschoolofmadrid.com\/es\/blog\/como-afrontar-el-primer-dia-de-guarderia\/#primaryimage\",\"url\":\"https:\/\/internationalschoolofmadrid.com\/wp-content\/uploads\/2025\/11\/Consejos-para-afrontar-el-primer-dia-de-guarderia.webp\",\"contentUrl\":\"https:\/\/internationalschoolofmadrid.com\/wp-content\/uploads\/2025\/11\/Consejos-para-afrontar-el-primer-dia-de-guarderia.webp\",\"width\":1000,\"height\":667,\"caption\":\"Ni\u00f1os en su primer d\u00eda de guarder\u00eda\"},{\"@type\":\"BreadcrumbList\",\"@id\":\"https:\/\/internationalschoolofmadrid.com\/es\/blog\/como-afrontar-el-primer-dia-de-guarderia\/#breadcrumb\",\"itemListElement\":[{\"@type\":\"ListItem\",\"position\":1,\"name\":\"Portada\",\"item\":\"https:\/\/internationalschoolofmadrid.com\/es\/inicio\/\"},{\"@type\":\"ListItem\",\"position\":2,\"name\":\"Consejos para afrontar el primer d\u00eda de guarder\u00eda\"}]},{\"@type\":\"WebSite\",\"@id\":\"https:\/\/internationalschoolofmadrid.com\/es\/#website\",\"url\":\"https:\/\/internationalschoolofmadrid.com\/es\/\",\"name\":\"International School of Madrid\",\"description\":\"\",\"publisher\":{\"@id\":\"https:\/\/internationalschoolofmadrid.com\/es\/#organization\"},\"potentialAction\":[{\"@type\":\"SearchAction\",\"target\":{\"@type\":\"EntryPoint\",\"urlTemplate\":\"https:\/\/internationalschoolofmadrid.com\/es\/?s={search_term_string}\"},\"query-input\":{\"@type\":\"PropertyValueSpecification\",\"valueRequired\":true,\"valueName\":\"search_term_string\"}}],\"inLanguage\":\"es\"},{\"@type\":\"Organization\",\"@id\":\"https:\/\/internationalschoolofmadrid.com\/es\/#organization\",\"name\":\"International School of Madrid\",\"url\":\"https:\/\/internationalschoolofmadrid.com\/es\/\",\"logo\":{\"@type\":\"ImageObject\",\"inLanguage\":\"es\",\"@id\":\"https:\/\/internationalschoolofmadrid.com\/es\/#\/schema\/logo\/image\/\",\"url\":\"https:\/\/internationalschoolofmadrid.com\/wp-content\/uploads\/2024\/02\/Logotipo-ISM-azul.png\",\"contentUrl\":\"https:\/\/internationalschoolofmadrid.com\/wp-content\/uploads\/2024\/02\/Logotipo-ISM-azul.png\",\"width\":2201,\"height\":615,\"caption\":\"International School of Madrid\"},\"image\":{\"@id\":\"https:\/\/internationalschoolofmadrid.com\/es\/#\/schema\/logo\/image\/\"}},{\"@type\":\"Person\",\"@id\":\"https:\/\/internationalschoolofmadrid.com\/es\/#\/schema\/person\/b20904cbc31ca65c1a8027e914d8a032\",\"name\":\"Prismalia Redacciones\",\"image\":{\"@type\":\"ImageObject\",\"inLanguage\":\"es\",\"@id\":\"https:\/\/internationalschoolofmadrid.com\/es\/#\/schema\/person\/image\/\",\"url\":\"https:\/\/secure.gravatar.com\/avatar\/9c5353d8946a6d8c7acac507b213b81a501ae4adae10bc0aad7b20da64764578?s=96&d=mm&r=g\",\"contentUrl\":\"https:\/\/secure.gravatar.com\/avatar\/9c5353d8946a6d8c7acac507b213b81a501ae4adae10bc0aad7b20da64764578?s=96&d=mm&r=g\",\"caption\":\"Prismalia Redacciones\"},\"url\":\"https:\/\/internationalschoolofmadrid.com\/es\/blog\/author\/prismalia-redacciones\/\"}]}<\/script>\n<!-- \/ Yoast SEO plugin. -->","yoast_head_json":{"title":"C\u00f3mo afrontar el primer d\u00eda de guarder\u00eda | International School of Madrid","description":"Para afrontar el primer d\u00eda de guarder\u00eda, prepara a tu hijo emocionalmente, crea rutinas estables y realiza despedidas breves, pero afectuosas.","robots":{"index":"index","follow":"follow","max-snippet":"max-snippet:-1","max-image-preview":"max-image-preview:large","max-video-preview":"max-video-preview:-1"},"canonical":"https:\/\/internationalschoolofmadrid.com\/es\/blog\/como-afrontar-el-primer-dia-de-guarderia\/","og_locale":"es_ES","og_type":"article","og_title":"C\u00f3mo afrontar el primer d\u00eda de guarder\u00eda | International School of Madrid","og_description":"Para afrontar el primer d\u00eda de guarder\u00eda, prepara a tu hijo emocionalmente, crea rutinas estables y realiza despedidas breves, pero afectuosas.","og_url":"https:\/\/internationalschoolofmadrid.com\/es\/blog\/como-afrontar-el-primer-dia-de-guarderia\/","og_site_name":"International School of Madrid","article_published_time":"2025-11-25T10:46:02+00:00","article_modified_time":"2025-11-25T12:11:01+00:00","og_image":[{"width":1000,"height":667,"url":"https:\/\/internationalschoolofmadrid.com\/wp-content\/uploads\/2025\/11\/Consejos-para-afrontar-el-primer-dia-de-guarderia.webp","type":"image\/webp"}],"author":"Prismalia Redacciones","twitter_card":"summary_large_image","twitter_misc":{"Escrito por":"Prismalia Redacciones","Tiempo de lectura":"10 minutos"},"schema":{"@context":"https:\/\/schema.org","@graph":[{"@type":"Article","@id":"https:\/\/internationalschoolofmadrid.com\/es\/blog\/como-afrontar-el-primer-dia-de-guarderia\/#article","isPartOf":{"@id":"https:\/\/internationalschoolofmadrid.com\/es\/blog\/como-afrontar-el-primer-dia-de-guarderia\/"},"author":{"name":"Prismalia Redacciones","@id":"https:\/\/internationalschoolofmadrid.com\/es\/#\/schema\/person\/b20904cbc31ca65c1a8027e914d8a032"},"headline":"Consejos para afrontar el primer d\u00eda de guarder\u00eda","datePublished":"2025-11-25T10:46:02+00:00","dateModified":"2025-11-25T12:11:01+00:00","mainEntityOfPage":{"@id":"https:\/\/internationalschoolofmadrid.com\/es\/blog\/como-afrontar-el-primer-dia-de-guarderia\/"},"wordCount":2369,"commentCount":0,"publisher":{"@id":"https:\/\/internationalschoolofmadrid.com\/es\/#organization"},"image":{"@id":"https:\/\/internationalschoolofmadrid.com\/es\/blog\/como-afrontar-el-primer-dia-de-guarderia\/#primaryimage"},"thumbnailUrl":"https:\/\/internationalschoolofmadrid.com\/wp-content\/uploads\/2025\/11\/Consejos-para-afrontar-el-primer-dia-de-guarderia.webp","articleSection":["Sin categorizar"],"inLanguage":"es","potentialAction":[{"@type":"CommentAction","name":"Comment","target":["https:\/\/internationalschoolofmadrid.com\/es\/blog\/como-afrontar-el-primer-dia-de-guarderia\/#respond"]}]},{"@type":"WebPage","@id":"https:\/\/internationalschoolofmadrid.com\/es\/blog\/como-afrontar-el-primer-dia-de-guarderia\/","url":"https:\/\/internationalschoolofmadrid.com\/es\/blog\/como-afrontar-el-primer-dia-de-guarderia\/","name":"C\u00f3mo afrontar el primer d\u00eda de guarder\u00eda | International School of Madrid","isPartOf":{"@id":"https:\/\/internationalschoolofmadrid.com\/es\/#website"},"primaryImageOfPage":{"@id":"https:\/\/internationalschoolofmadrid.com\/es\/blog\/como-afrontar-el-primer-dia-de-guarderia\/#primaryimage"},"image":{"@id":"https:\/\/internationalschoolofmadrid.com\/es\/blog\/como-afrontar-el-primer-dia-de-guarderia\/#primaryimage"},"thumbnailUrl":"https:\/\/internationalschoolofmadrid.com\/wp-content\/uploads\/2025\/11\/Consejos-para-afrontar-el-primer-dia-de-guarderia.webp","datePublished":"2025-11-25T10:46:02+00:00","dateModified":"2025-11-25T12:11:01+00:00","description":"Para afrontar el primer d\u00eda de guarder\u00eda, prepara a tu hijo emocionalmente, crea rutinas estables y realiza despedidas breves, pero afectuosas.","breadcrumb":{"@id":"https:\/\/internationalschoolofmadrid.com\/es\/blog\/como-afrontar-el-primer-dia-de-guarderia\/#breadcrumb"},"inLanguage":"es","potentialAction":[{"@type":"ReadAction","target":["https:\/\/internationalschoolofmadrid.com\/es\/blog\/como-afrontar-el-primer-dia-de-guarderia\/"]}]},{"@type":"ImageObject","inLanguage":"es","@id":"https:\/\/internationalschoolofmadrid.com\/es\/blog\/como-afrontar-el-primer-dia-de-guarderia\/#primaryimage","url":"https:\/\/internationalschoolofmadrid.com\/wp-content\/uploads\/2025\/11\/Consejos-para-afrontar-el-primer-dia-de-guarderia.webp","contentUrl":"https:\/\/internationalschoolofmadrid.com\/wp-content\/uploads\/2025\/11\/Consejos-para-afrontar-el-primer-dia-de-guarderia.webp","width":1000,"height":667,"caption":"Ni\u00f1os en su primer d\u00eda de guarder\u00eda"},{"@type":"BreadcrumbList","@id":"https:\/\/internationalschoolofmadrid.com\/es\/blog\/como-afrontar-el-primer-dia-de-guarderia\/#breadcrumb","itemListElement":[{"@type":"ListItem","position":1,"name":"Portada","item":"https:\/\/internationalschoolofmadrid.com\/es\/inicio\/"},{"@type":"ListItem","position":2,"name":"Consejos para afrontar el primer d\u00eda de guarder\u00eda"}]},{"@type":"WebSite","@id":"https:\/\/internationalschoolofmadrid.com\/es\/#website","url":"https:\/\/internationalschoolofmadrid.com\/es\/","name":"International School of Madrid","description":"","publisher":{"@id":"https:\/\/internationalschoolofmadrid.com\/es\/#organization"},"potentialAction":[{"@type":"SearchAction","target":{"@type":"EntryPoint","urlTemplate":"https:\/\/internationalschoolofmadrid.com\/es\/?s={search_term_string}"},"query-input":{"@type":"PropertyValueSpecification","valueRequired":true,"valueName":"search_term_string"}}],"inLanguage":"es"},{"@type":"Organization","@id":"https:\/\/internationalschoolofmadrid.com\/es\/#organization","name":"International School of Madrid","url":"https:\/\/internationalschoolofmadrid.com\/es\/","logo":{"@type":"ImageObject","inLanguage":"es","@id":"https:\/\/internationalschoolofmadrid.com\/es\/#\/schema\/logo\/image\/","url":"https:\/\/internationalschoolofmadrid.com\/wp-content\/uploads\/2024\/02\/Logotipo-ISM-azul.png","contentUrl":"https:\/\/internationalschoolofmadrid.com\/wp-content\/uploads\/2024\/02\/Logotipo-ISM-azul.png","width":2201,"height":615,"caption":"International School of Madrid"},"image":{"@id":"https:\/\/internationalschoolofmadrid.com\/es\/#\/schema\/logo\/image\/"}},{"@type":"Person","@id":"https:\/\/internationalschoolofmadrid.com\/es\/#\/schema\/person\/b20904cbc31ca65c1a8027e914d8a032","name":"Prismalia Redacciones","image":{"@type":"ImageObject","inLanguage":"es","@id":"https:\/\/internationalschoolofmadrid.com\/es\/#\/schema\/person\/image\/","url":"https:\/\/secure.gravatar.com\/avatar\/9c5353d8946a6d8c7acac507b213b81a501ae4adae10bc0aad7b20da64764578?s=96&d=mm&r=g","contentUrl":"https:\/\/secure.gravatar.com\/avatar\/9c5353d8946a6d8c7acac507b213b81a501ae4adae10bc0aad7b20da64764578?s=96&d=mm&r=g","caption":"Prismalia Redacciones"},"url":"https:\/\/internationalschoolofmadrid.com\/es\/blog\/author\/prismalia-redacciones\/"}]}},"_links":{"self":[{"href":"https:\/\/internationalschoolofmadrid.com\/es\/wp-json\/wp\/v2\/posts\/2895","targetHints":{"allow":["GET"]}}],"collection":[{"href":"https:\/\/internationalschoolofmadrid.com\/es\/wp-json\/wp\/v2\/posts"}],"about":[{"href":"https:\/\/internationalschoolofmadrid.com\/es\/wp-json\/wp\/v2\/types\/post"}],"author":[{"embeddable":true,"href":"https:\/\/internationalschoolofmadrid.com\/es\/wp-json\/wp\/v2\/users\/4"}],"replies":[{"embeddable":true,"href":"https:\/\/internationalschoolofmadrid.com\/es\/wp-json\/wp\/v2\/comments?post=2895"}],"version-history":[{"count":4,"href":"https:\/\/internationalschoolofmadrid.com\/es\/wp-json\/wp\/v2\/posts\/2895\/revisions"}],"predecessor-version":[{"id":2905,"href":"https:\/\/internationalschoolofmadrid.com\/es\/wp-json\/wp\/v2\/posts\/2895\/revisions\/2905"}],"wp:featuredmedia":[{"embeddable":true,"href":"https:\/\/internationalschoolofmadrid.com\/es\/wp-json\/wp\/v2\/media\/2898"}],"wp:attachment":[{"href":"https:\/\/internationalschoolofmadrid.com\/es\/wp-json\/wp\/v2\/media?parent=2895"}],"wp:term":[{"taxonomy":"category","embeddable":true,"href":"https:\/\/internationalschoolofmadrid.com\/es\/wp-json\/wp\/v2\/categories?post=2895"},{"taxonomy":"post_tag","embeddable":true,"href":"https:\/\/internationalschoolofmadrid.com\/es\/wp-json\/wp\/v2\/tags?post=2895"}],"curies":[{"name":"wp","href":"https:\/\/api.w.org\/{rel}","templated":true}]}}